{"id":33482,"date":"2025-02-09T13:05:08","date_gmt":"2025-02-09T12:05:08","guid":{"rendered":"https:\/\/omroephethogeland.nl\/?p=33482"},"modified":"2025-03-12T13:05:19","modified_gmt":"2025-03-12T13:05:19","slug":"vv-winsum-gaat-het-gesprek-aan-voelen-wij-ons-veilig-en-prettig-bij-de-sportclub","status":"publish","type":"post","link":"https:\/\/test.keukenvangroningen.nl\/?p=33482","title":{"rendered":"vv Winsum gaat het gesprek aan: voelen wij ons veilig en prettig bij de sportclub?"},"content":{"rendered":"\n<p class=\"wp-block-paragraph\">Als je vaste bezoeker bent van voetbalwedstrijden zal je het vast hebben meegemaakt. Tijdens een duel staat een ouder zijn zoontje aan te moedigen. Het kereltje is 11 jaar, en papa bemoeit zich in woord en gebaar met alles en iedereen. Hij uit zijn frustratie luidkeels richting de scheids en de coach van de tegenstander. Je ziet het aan en je denkt bij jezelf: moet ik hier iets van zeggen? En zo ja: hoe dan?<\/p>\n\n\n\n<p class=\"wp-block-paragraph\">vv Winsum houdt maandag een bijeenkomst voor alle leden over sociale veiligheid op en rond de velden. Dat gaat verder dan alleen het bovenstaande voorbeeld. De club heeft een aantal aanvullende spelregels opgesteld die onder andere via een flyer zijn verstuurd. Een paar regels:<\/p>\n\n\n\n<ul class=\"wp-block-list\">\n<li>ouders blijven achter de hekken<\/li>\n\n\n\n<li>spreek elkaar aan bij ongewenst gedrag<\/li>\n\n\n\n<li>respecteer de begeleiding<\/li>\n<\/ul>\n\n\n\n<p class=\"wp-block-paragraph\">\u201cNee, we doen dit niet omdat er een acuut probleem is\u201d, zegt voorzitter Piet Schudde. \u201cWe doen het vanuit een preventief perspectief.&#8221; Hij benadrukt dat vv Winsum niet de eerste en zeker niet de laatste club is die het met de leden wil hebben over sociale veiligheid. \u201cAlle clubs hebben hiermee te maken. En de KNVB dringt er ook op aan om ermee aan de slag te gaan. Dat je een vertrouwenscontactpersoon hebt bijvoorbeeld. Die hebben we inmiddels.\u201d<\/p>\n\n\n\n<p class=\"wp-block-paragraph\">Sociale veiligheid is volgens Schudde een breed begrip. \u201cJe hebt het bijvoorbeeld over gedrag van ouders langs de lijn. En gevoelens van onveiligheid. Als het donker is, voel je je dan veilig op het fietspad hier? Maar je hebt het ook over positieve coaching. Ook dat hoort bij sociale veiligheid.\u201d<\/p>\n\n\n\n<p class=\"wp-block-paragraph\">Op zich logisch misschien om het over dit soort zaken te hebben. Maar dat is niet voor iedereen vanzelfsprekend, merkt Schudde. \u201cIk merk toch dat het een lastig onderwerp is. Het zit vaak in gedrag. Er komt emotie bij kijken. Durf je iemand aan te spreken? Of vraag je wel eens aan je kind of hij of zij het altijd prettig vindt in de kleedkamer? Een eerste gemakkelijke reactie is soms \u2018dit speelt niet bij ons.\u2019 Maar als je vervolgens verder praat over wat sociale veiligheid is, dan kom je verder.\u201d&nbsp;<\/p>\n\n\n\n<p class=\"wp-block-paragraph\">Maandag wordt leden onder andere gevraagd of ze idee\u00ebn of verbeterpunten hebben naar aanleiding van een voorval. Want \u00e9\u00e9n ding staat vast voor Schudde: de leden van de club moeten het onderling oplossen. Het moet niet iets worden wat door het bestuur aan de leden wordt opgelegd. \u201cNee, dat werkt volgens mij niet. Dan wordt het een regel in plaats van een behoefte.\u201d<\/p>\n","protected":false},"excerpt":{"rendered":"<p>Als je vaste bezoeker bent van voetbalwedstrijden zal je het vast hebben meegemaakt. Tijdens een&#8230;<\/p>\n","protected":false},"author":1,"featured_media":33483,"comment_status":"closed","ping_status":"open","sticky":false,"template":"","format":"standard","meta":{"_FSMCFIC_featured_image_caption":"","_FSMCFIC_featured_image_nocaption":"","_FSMCFIC_featured_image_hide":"","footnotes":""},"categories":[3,5],"tags":[],"class_list":["post-33482","post","type-post","status-publish","format-standard","has-post-thumbnail","hentry","category-nieuws","category-sport"],"_links":{"self":[{"href":"https:\/\/test.keukenvangroningen.nl\/index.php?rest_route=\/wp\/v2\/posts\/33482","targetHints":{"allow":["GET"]}}],"collection":[{"href":"https:\/\/test.keukenvangroningen.nl\/index.php?rest_route=\/wp\/v2\/posts"}],"about":[{"href":"https:\/\/test.keukenvangroningen.nl\/index.php?rest_route=\/wp\/v2\/types\/post"}],"author":[{"embeddable":true,"href":"https:\/\/test.keukenvangroningen.nl\/index.php?rest_route=\/wp\/v2\/users\/1"}],"replies":[{"embeddable":true,"href":"https:\/\/test.keukenvangroningen.nl\/index.php?rest_route=%2Fwp%2Fv2%2Fcomments&post=33482"}],"version-history":[{"count":1,"href":"https:\/\/test.keukenvangroningen.nl\/index.php?rest_route=\/wp\/v2\/posts\/33482\/revisions"}],"predecessor-version":[{"id":34225,"href":"https:\/\/test.keukenvangroningen.nl\/index.php?rest_route=\/wp\/v2\/posts\/33482\/revisions\/34225"}],"wp:featuredmedia":[{"embeddable":true,"href":"https:\/\/test.keukenvangroningen.nl\/index.php?rest_route=\/wp\/v2\/media\/33483"}],"wp:attachment":[{"href":"https:\/\/test.keukenvangroningen.nl\/index.php?rest_route=%2Fwp%2Fv2%2Fmedia&parent=33482"}],"wp:term":[{"taxonomy":"category","embeddable":true,"href":"https:\/\/test.keukenvangroningen.nl\/index.php?rest_route=%2Fwp%2Fv2%2Fcategories&post=33482"},{"taxonomy":"post_tag","embeddable":true,"href":"https:\/\/test.keukenvangroningen.nl\/index.php?rest_route=%2Fwp%2Fv2%2Ftags&post=33482"}],"curies":[{"name":"wp","href":"https:\/\/api.w.org\/{rel}","templated":true}]}}